{"id":656,"date":"2020-09-21T09:28:19","date_gmt":"2020-09-21T09:28:19","guid":{"rendered":"http:\/\/triquency.de\/?p=656"},"modified":"2020-09-21T09:28:36","modified_gmt":"2020-09-21T09:28:36","slug":"triquency-corona-podcast-folge-7","status":"publish","type":"post","link":"https:\/\/triquency.de\/?p=656","title":{"rendered":"Triquency Corona Podcast, Folge 7"},"content":{"rendered":"\n<p>Unsere siebte Ausgabe des Corona-Podcast der TH-OWL mit Prof. Dr. J\u00fcrgen Krahl (Hochschulpr\u00e4sident) ist online. Er ist hier nachzuh\u00f6ren, oder direkt im Programm von Radio Triquency am 22.09.2020 um 11 Uhr.<\/p>\n\n\n\n<iframe loading=\"lazy\" scrolling=\"no\" allow=\"autoplay\" src=\"https:\/\/w.soundcloud.com\/player\/?url=https%3A\/\/api.soundcloud.com\/tracks\/894372061&amp;color=%23ff5500&amp;auto_play=false&amp;hide_related=false&amp;show_comments=true&amp;show_user=true&amp;show_reposts=false&amp;show_teaser=true&amp;visual=true\" width=\"100%\" height=\"300\" frameborder=\"no\"><\/iframe><div style=\"font-size: 10px; color: #cccccc;line-break: anywhere;word-break: normal;overflow: hidden;white-space: nowrap;text-overflow: ellipsis; font-family: Interstate,Lucida Grande,Lucida Sans Unicode,Lucida Sans,Garuda,Verdana,Tahoma,sans-serif;font-weight: 100;\"><a href=\"https:\/\/soundcloud.com\/triquency\" title=\"Triquency\" target=\"_blank\" style=\"color: #cccccc; text-decoration: none;\" rel=\"noopener noreferrer\">Triquency<\/a> \u00b7 <a href=\"https:\/\/soundcloud.com\/triquency\/7-corona-podcast-mit-prof-dr-jurgen-krahl-prasident-th-owl\" title=\"(7) Corona Podcast mit Prof. Dr. J\u00fcrgen Krahl, Pr\u00e4sident TH-OWL\" target=\"_blank\" style=\"color: #cccccc; text-decoration: none;\" rel=\"noopener noreferrer\">(7) Corona Podcast mit Prof. Dr. J\u00fcrgen Krahl, Pr\u00e4sident TH-OWL<\/a><\/div>\n","protected":false},"excerpt":{"rendered":"<p>Unsere siebte Ausgabe des Corona-Podcast der TH-OWL mit Prof. Dr. J\u00fcrgen Krahl (Hochschulpr\u00e4sident) ist online. Er ist hier nachzuh\u00f6ren, oder direkt im Programm von Radio Triquency am 22.09.2020 um 11 Uhr. Triquency \u00b7 (7) Corona Podcast mit Prof. Dr. J\u00fcrgen Krahl, Pr\u00e4sident TH-OWL<\/p>\n","protected":false},"author":1,"featured_media":635,"comment_status":"open","ping_status":"open","sticky":false,"template":"","format":"standard","meta":{"footnotes":""},"categories":[1,2],"tags":[54,55,60,12],"class_list":["post-656","post","type-post","status-publish","format-standard","has-post-thumbnail","hentry","category-neuigkeiten","category-sendungen","tag-corona","tag-podcast","tag-th-owl","tag-triquency"],"_links":{"self":[{"href":"https:\/\/triquency.de\/index.php?rest_route=\/wp\/v2\/posts\/656","targetHints":{"allow":["GET"]}}],"collection":[{"href":"https:\/\/triquency.de\/index.php?rest_route=\/wp\/v2\/posts"}],"about":[{"href":"https:\/\/triquency.de\/index.php?rest_route=\/wp\/v2\/types\/post"}],"author":[{"embeddable":true,"href":"https:\/\/triquency.de\/index.php?rest_route=\/wp\/v2\/users\/1"}],"replies":[{"embeddable":true,"href":"https:\/\/triquency.de\/index.php?rest_route=%2Fwp%2Fv2%2Fcomments&post=656"}],"version-history":[{"count":2,"href":"https:\/\/triquency.de\/index.php?rest_route=\/wp\/v2\/posts\/656\/revisions"}],"predecessor-version":[{"id":658,"href":"https:\/\/triquency.de\/index.php?rest_route=\/wp\/v2\/posts\/656\/revisions\/658"}],"wp:featuredmedia":[{"embeddable":true,"href":"https:\/\/triquency.de\/index.php?rest_route=\/wp\/v2\/media\/635"}],"wp:attachment":[{"href":"https:\/\/triquency.de\/index.php?rest_route=%2Fwp%2Fv2%2Fmedia&parent=656"}],"wp:term":[{"taxonomy":"category","embeddable":true,"href":"https:\/\/triquency.de\/index.php?rest_route=%2Fwp%2Fv2%2Fcategories&post=656"},{"taxonomy":"post_tag","embeddable":true,"href":"https:\/\/triquency.de\/index.php?rest_route=%2Fwp%2Fv2%2Ftags&post=656"}],"curies":[{"name":"wp","href":"https:\/\/api.w.org\/{rel}","templated":true}]}}