{"id":644,"date":"2020-07-31T16:46:58","date_gmt":"2020-07-31T16:46:58","guid":{"rendered":"http:\/\/triquency.de\/?p=644"},"modified":"2020-08-02T13:16:55","modified_gmt":"2020-08-02T13:16:55","slug":"marianne-weber-eine-sondersendung-des-mwg-lemgo","status":"publish","type":"post","link":"https:\/\/triquency.de\/?p=644","title":{"rendered":"Marianne Weber &#8211; eine Sondersendung des MWG Lemgo"},"content":{"rendered":"\n<iframe loading=\"lazy\" scrolling=\"no\" allow=\"autoplay\" src=\"https:\/\/w.soundcloud.com\/player\/?url=https%3A\/\/api.soundcloud.com\/tracks\/868816693&amp;color=%23ff5500&amp;auto_play=false&amp;hide_related=false&amp;show_comments=true&amp;show_user=true&amp;show_reposts=false&amp;show_teaser=true&amp;visual=true\" width=\"100%\" height=\"300\" frameborder=\"no\"><\/iframe><div style=\"font-size: 10px; color: #cccccc;line-break: anywhere;word-break: normal;overflow: hidden;white-space: nowrap;text-overflow: ellipsis; font-family: Interstate,Lucida Grande,Lucida Sans Unicode,Lucida Sans,Garuda,Verdana,Tahoma,sans-serif;font-weight: 100;\"><a href=\"https:\/\/soundcloud.com\/triquency\" title=\"Triquency\" target=\"_blank\" style=\"color: #cccccc; text-decoration: none;\" rel=\"noopener noreferrer\">Triquency<\/a> \u00b7 <a href=\"https:\/\/soundcloud.com\/triquency\/marianne_weber\" title=\"Marianne Weber wird 150 - ein Podcast des Marianne Weber Gymnasiums Lemgo\" target=\"_blank\" style=\"color: #cccccc; text-decoration: none;\" rel=\"noopener noreferrer\">Marianne Weber wird 150 &#8211; ein Podcast des Marianne Weber Gymnasiums Lemgo<\/a><\/div>\n\n\n\n<p>Am Sonntag, dem 2. August 2020, w\u00e4re Marianne Weber 150 Jahre alt geworden. Marianne Weber war Frauenrechtlerin, Politikerin, Wissenschaftlerin und Schriftstellerin. Sie ist in Oerlinghausen geboren, verbrachte ihre Kindheit in Lemgo, lernte Max Weber in Berlin kennen, sie heirateten in Oerlinghausen, lebten in Berlin, Freiburg, Heidelberg und M\u00fcnchen, und blieben dennoch der Verwandtschaft in Oerlinghausen stets verbunden.<\/p>\n\n\n\n<p>Zu diesem Jubil\u00e4um haben Sch\u00fclerinnen und Sch\u00fcler des Praktischen-Philosophie-Kurses der 5. Jahrgangsstufe des Marianne-Weber-Gymnasiums eine Radiosendung konzipiert. Sie haben sich mit dem Leben von Marianne Weber besch\u00e4ftigt, Texte zusammengetragen, geschrieben, gesprochen, Musik ausgew\u00e4hlt und anmoderiert. Au\u00dferdem haben sie die Frage nach Gerechtigkeit und Freiheit sowohl aus Marianne Webers als auch aus ihrer eigenen Perspektive diskutiert.<\/p>\n\n\n\n<p>Das Projekt wurde von Frau Dr. Romy Br\u00fcggemann (MWG) betreut. Frau Dr. Romy Br\u00fcggemann und Frau Dr. Marietta Ehret (TH OWL) haben die Sendung aufgenommen und Dr. Frank Lechtenberg (Radio Triquency) hat sie geschnitten, gemischt und produziert.<\/p>\n\n\n\n<p>Die Sendung l\u00e4uft am 2. August 2020 um 17 Uhr im Programm von Radio Triquency! In der Wiederholung wird die Sendung am 3. August um 11 Uhr ausgestrahlt (vorbehaltlich technischer M\u00f6glichkeiten). Bitte einschalten!<\/p>\n","protected":false},"excerpt":{"rendered":"<p>Triquency \u00b7 Marianne Weber wird 150 &#8211; ein Podcast des Marianne Weber Gymnasiums Lemgo Am Sonntag, dem 2. August 2020, w\u00e4re Marianne Weber 150 Jahre alt geworden. Marianne Weber war Frauenrechtlerin, Politikerin, Wissenschaftlerin und Schriftstellerin. Sie ist in Oerlinghausen geboren, verbrachte ihre Kindheit in Lemgo, lernte Max Weber in Berlin kennen, sie heirateten in Oerlinghausen, [&hellip;]<\/p>\n","protected":false},"author":1,"featured_media":647,"comment_status":"open","ping_status":"open","sticky":false,"template":"","format":"standard","meta":{"footnotes":""},"categories":[1,2],"tags":[46,57,58,12],"class_list":["post-644","post","type-post","status-publish","format-standard","has-post-thumbnail","hentry","category-neuigkeiten","category-sendungen","tag-lemgo","tag-marianne-weber","tag-sondersendung","tag-triquency"],"_links":{"self":[{"href":"https:\/\/triquency.de\/index.php?rest_route=\/wp\/v2\/posts\/644","targetHints":{"allow":["GET"]}}],"collection":[{"href":"https:\/\/triquency.de\/index.php?rest_route=\/wp\/v2\/posts"}],"about":[{"href":"https:\/\/triquency.de\/index.php?rest_route=\/wp\/v2\/types\/post"}],"author":[{"embeddable":true,"href":"https:\/\/triquency.de\/index.php?rest_route=\/wp\/v2\/users\/1"}],"replies":[{"embeddable":true,"href":"https:\/\/triquency.de\/index.php?rest_route=%2Fwp%2Fv2%2Fcomments&post=644"}],"version-history":[{"count":3,"href":"https:\/\/triquency.de\/index.php?rest_route=\/wp\/v2\/posts\/644\/revisions"}],"predecessor-version":[{"id":653,"href":"https:\/\/triquency.de\/index.php?rest_route=\/wp\/v2\/posts\/644\/revisions\/653"}],"wp:featuredmedia":[{"embeddable":true,"href":"https:\/\/triquency.de\/index.php?rest_route=\/wp\/v2\/media\/647"}],"wp:attachment":[{"href":"https:\/\/triquency.de\/index.php?rest_route=%2Fwp%2Fv2%2Fmedia&parent=644"}],"wp:term":[{"taxonomy":"category","embeddable":true,"href":"https:\/\/triquency.de\/index.php?rest_route=%2Fwp%2Fv2%2Fcategories&post=644"},{"taxonomy":"post_tag","embeddable":true,"href":"https:\/\/triquency.de\/index.php?rest_route=%2Fwp%2Fv2%2Ftags&post=644"}],"curies":[{"name":"wp","href":"https:\/\/api.w.org\/{rel}","templated":true}]}}