{"id":641,"date":"2020-07-24T12:30:43","date_gmt":"2020-07-24T12:30:43","guid":{"rendered":"http:\/\/triquency.de\/?p=641"},"modified":"2020-07-24T12:30:43","modified_gmt":"2020-07-24T12:30:43","slug":"triquency-corona-podcast-folge-6","status":"publish","type":"post","link":"https:\/\/triquency.de\/?p=641","title":{"rendered":"Triquency Corona Podcast, Folge 6"},"content":{"rendered":"\n<p>Unsere 6. Ausgabe des Corona Podcasts f\u00fcr die Technische Hochschule Ostwestfalen-Lippe ist online. Es geht um die Vorgaben f\u00fcr das kommende Wintersemester. Ihr k\u00f6nnt ihn bei uns am 25.7. um 11 Uhr in unserem Live-Programm h\u00f6ren oder direkt hier im Player.<\/p>\n\n\n\n<iframe loading=\"lazy\" width=\"100%\" height=\"300\" scrolling=\"no\" frameborder=\"no\" allow=\"autoplay\" src=\"https:\/\/w.soundcloud.com\/player\/?url=https%3A\/\/api.soundcloud.com\/tracks\/859565749&#038;color=%23ff5500&#038;auto_play=false&#038;hide_related=false&#038;show_comments=true&#038;show_user=true&#038;show_reposts=false&#038;show_teaser=true&#038;visual=true\"><\/iframe><div style=\"font-size: 10px; color: #cccccc;line-break: anywhere;word-break: normal;overflow: hidden;white-space: nowrap;text-overflow: ellipsis; font-family: Interstate,Lucida Grande,Lucida Sans Unicode,Lucida Sans,Garuda,Verdana,Tahoma,sans-serif;font-weight: 100;\"><a href=\"https:\/\/soundcloud.com\/triquency\" title=\"Triquency\" target=\"_blank\" style=\"color: #cccccc; text-decoration: none;\" rel=\"noopener noreferrer\">Triquency<\/a> \u00b7 <a href=\"https:\/\/soundcloud.com\/triquency\/triquency_corona_podcast_folge6\" title=\"(6) Corona Podcast mit Prof. Dr. J\u00fcrgen Krahl, Pr\u00e4sident TH-OWL\" target=\"_blank\" style=\"color: #cccccc; text-decoration: none;\" rel=\"noopener noreferrer\">(6) Corona Podcast mit Prof. Dr. J\u00fcrgen Krahl, Pr\u00e4sident TH-OWL<\/a><\/div>\n","protected":false},"excerpt":{"rendered":"<p>Unsere 6. Ausgabe des Corona Podcasts f\u00fcr die Technische Hochschule Ostwestfalen-Lippe ist online. Es geht um die Vorgaben f\u00fcr das kommende Wintersemester. Ihr k\u00f6nnt ihn bei uns am 25.7. um 11 Uhr in unserem Live-Programm h\u00f6ren oder direkt hier im Player. Triquency \u00b7 (6) Corona Podcast mit Prof. Dr. J\u00fcrgen Krahl, Pr\u00e4sident TH-OWL<\/p>\n","protected":false},"author":1,"featured_media":635,"comment_status":"open","ping_status":"open","sticky":false,"template":"","format":"standard","meta":{"footnotes":""},"categories":[1],"tags":[54,55],"class_list":["post-641","post","type-post","status-publish","format-standard","has-post-thumbnail","hentry","category-neuigkeiten","tag-corona","tag-podcast"],"_links":{"self":[{"href":"https:\/\/triquency.de\/index.php?rest_route=\/wp\/v2\/posts\/641","targetHints":{"allow":["GET"]}}],"collection":[{"href":"https:\/\/triquency.de\/index.php?rest_route=\/wp\/v2\/posts"}],"about":[{"href":"https:\/\/triquency.de\/index.php?rest_route=\/wp\/v2\/types\/post"}],"author":[{"embeddable":true,"href":"https:\/\/triquency.de\/index.php?rest_route=\/wp\/v2\/users\/1"}],"replies":[{"embeddable":true,"href":"https:\/\/triquency.de\/index.php?rest_route=%2Fwp%2Fv2%2Fcomments&post=641"}],"version-history":[{"count":2,"href":"https:\/\/triquency.de\/index.php?rest_route=\/wp\/v2\/posts\/641\/revisions"}],"predecessor-version":[{"id":643,"href":"https:\/\/triquency.de\/index.php?rest_route=\/wp\/v2\/posts\/641\/revisions\/643"}],"wp:featuredmedia":[{"embeddable":true,"href":"https:\/\/triquency.de\/index.php?rest_route=\/wp\/v2\/media\/635"}],"wp:attachment":[{"href":"https:\/\/triquency.de\/index.php?rest_route=%2Fwp%2Fv2%2Fmedia&parent=641"}],"wp:term":[{"taxonomy":"category","embeddable":true,"href":"https:\/\/triquency.de\/index.php?rest_route=%2Fwp%2Fv2%2Fcategories&post=641"},{"taxonomy":"post_tag","embeddable":true,"href":"https:\/\/triquency.de\/index.php?rest_route=%2Fwp%2Fv2%2Ftags&post=641"}],"curies":[{"name":"wp","href":"https:\/\/api.w.org\/{rel}","templated":true}]}}